{"id":5120,"date":"2025-02-26T13:02:32","date_gmt":"2025-02-26T13:02:32","guid":{"rendered":"https:\/\/buzzfeednews.uk\/?p=5120"},"modified":"2025-02-26T13:02:32","modified_gmt":"2025-02-26T13:02:32","slug":"calin-georgescu-oprit-de-politisti-in-trafic-si-dus-la-audieri","status":"publish","type":"post","link":"http:\/\/buzzfeednews.uk\/?p=5120","title":{"rendered":"C\u0103lin Georgescu, OPRIT de poli\u021bi\u0219ti \u00een trafic \u0219i dus la AUDIERI"},"content":{"rendered":"<p>Potrivit surselor Antena 3,\u00a0candidatul independent\u00a0a fost oprit \u00een trafic de poli\u021bi\u0219ti \u0219i dus la audieri. Re\u021binerea sa ar avea leg\u0103tur\u0103 cu dosarul \u00een care ast\u0103zi au avut loc\u00a0zeci de descinderi la mai multe adrese.<\/p>\n<h2>Update. Georgescu, audiat ca suspect \u00eentr-un alt dosar, separat de cel al lui Hora\u021biu Potra<\/h2>\n<p>Conform surselor din anchet\u0103, a\u0219a cum arat\u0103 Digi 24 \u0219i G4Media, C\u0103lin Georgescu ar avea calitatea de suspect \u0219i dosarul s\u0103u nu ar avea leg\u0103tur\u0103 cu dosarul \u00een care este anchetat Hora\u021biu Potra \u0219i \u201dcolegii s\u0103i\u201d mercenari.<\/p>\n<h2>Update. Declara\u021bii f\u0103cute de George Simion \u00een fa\u021ba Parchetului<\/h2>\n<p><em><strong>\u201dCredem c\u0103 acest abuz este str\u00e2ns legat de \u00eempiedicarea domnului Georgescu s\u0103-\u0219i completeze dosarul de candidatur\u0103. Nu e normal, v\u0103 da\u021bi seama ce \u00eent\u00e2mplare, cu o or\u0103 jum\u0103tate \u00eenainte de a realiza toate actele necesare. Este un abuz al statului totalitar, putem s\u0103 ne a\u0219tept\u0103m la orice din partea acestor abuzatori. Nu \u00een\u021belegem competen\u021ba Parchetului General, a\u0219tept\u0103m l\u0103muriri, a\u0219tept\u0103m ca institu\u021biile s\u0103 nu comit\u0103 abuzuri. Vom sta p\u00e2n\u0103 \u00een vedem pe domnul Georgescu c\u0103 este \u0219i e eliberat \u0219i se respect\u0103 toate actele de procedur\u0103, b\u0103nuiesc c\u0103 este martor.<\/strong><\/em><\/p>\n<p><em><strong>Putem interpela institu\u021biile statului f\u0103r\u0103 a comite abuzuri. Acela\u0219i Parchet unde eu am fost arestat cu trei zile \u00eenainte de alegerile parlamentare. Nu \u0219tiu dac\u0103 e articol \u00een lege, faptul c\u0103 ar avea presupuse leg\u0103turi (n.r. cu Rusia). \u00cen\u021beleg presiunea la care sunte\u021bi supu\u0219i din partea patronatelor voastre s\u0103-l ar\u0103ta\u021bi pe Georgescu vinovat. Care este vina lui C\u0103lin Georgescu? Nu exercit\u0103m nicio presiune, st\u0103m aici lini\u0219ti\u021bi, pa\u0219nici. E dreptul nostru. A\u0219tept\u0103m l\u0103muriri din partea institu\u021biilor, rog pe toat\u0103 lumea s\u0103 fie calm\u0103<\/strong><\/em>\u201d, a declarat George Simion \u00een fa\u021ba Parchetului.<\/p>\n<h2>Update. C\u0103lin Georgescu a ajuns la sediul Parchetului General<\/h2>\n<p>C\u0103lin Georgescu a fost adus cu ma\u0219ina Poli\u021biei la Parchetul General, \u00een c\u00e2rje. A refuzat s\u0103 fac\u0103 declara\u021bii \u00een fa\u021ba jurnali\u0219tilor, dar a z\u00e2mbit \u0219i a f\u0103cut cu m\u00e2na celor aduna\u021bi acolo. Aici vor ajunge \u00een cur\u00e2nd \u0219i parlamentari POT \u0219i AUR, pentru a \u201dcere explica\u021bii\u201d. Tot acolo se vor aduna \u0219i sus\u021bin\u0103torii s\u0103i.<\/p>\n<h2>C\u0103lin Georgescu, ridicat din trafic de poli\u021bi\u0219ti \u0219i dus la audieri. Surse<\/h2>\n<p>Potrivit\u00a0<a class=\"external_links\" href=\"https:\/\/www.g4media.ro\/breaking-calin-georgescu-ridicat-de-procurori.html\" target=\"_blank\" rel=\"nofollow noopener noreferrer\">G4Media<\/a>, procurorii au pus \u00een aplicare un mandat de aducere. \u00cen acela\u0219i timp, Parchetul General a efectuat zeci de perchezi\u021bii la gruparea lui Hora\u021biu Potra. Procurorii au g\u0103sit arme, muni\u021bie de asalt \u0219i peste 1 milion de dolari ascuns \u00eentr-un seif.<\/p>\n<p>Potrivit sursei citate, procurorii au ajuns \u00een posesia unor dovezi care \u00eel leag\u0103 pe C\u0103lin Georgescu de Rusia, \u021bar\u0103 care l-ar fi sus\u021binut pe Georgescu.\u00a0 C\u0103lin Georgescu ar urma s\u0103 fie dus la Parchetul General. Tot aici ar trebui s\u0103 ajung\u0103 \u0219i mai mul\u021bi lideri AUR care vor s\u0103 cear\u0103 \u201dl\u0103muriri\u201d pentru aceast\u0103 situa\u021bie.<\/p>\n<figure id=\"attachment_21042973\" class=\"wp-caption alignnone\" aria-labelledby=\"figcaption_attachment_21042973\"><img loading=\"lazy\" decoding=\"async\" class=\"size-full wp-image-21042973 lazyloaded\" src=\"https:\/\/www.fanatik.ro\/wp-content\/thumbnails\/gTZb6EFtourRQS46b1OxF-XisXE=\/728x0\/smart\/filters:contrast(5):format(webp):quality(80)\/wp-content\/uploads\/2025\/02\/georgescu2.jpg\" sizes=\"auto, (max-width:728px) 840px,  728px\" srcset=\"https:\/\/www.fanatik.ro\/wp-content\/thumbnails\/vObySq4M431b-UIXKvhTLf8mo-g=\/840x0\/smart\/filters:contrast(5):format(webp):quality(80)\/wp-content\/uploads\/2025\/02\/georgescu2.jpg 840w, https:\/\/www.fanatik.ro\/wp-content\/thumbnails\/gTZb6EFtourRQS46b1OxF-XisXE=\/728x0\/smart\/filters:contrast(5):format(webp):quality(80)\/wp-content\/uploads\/2025\/02\/georgescu2.jpg 728w\" alt=\"Momentul opririi \u00een trafic\" width=\"728\" height=\"402\" data-ll-status=\"loaded\" \/><figcaption id=\"figcaption_attachment_21042973\" class=\"wp-caption-text\">Momentul opririi \u00een trafic<\/figcaption><\/figure>\n<p>C\u0103lin Georgescu ar fi vizat de o anchet\u0103 a Parchetului General \u00een care e acuzat de implicare \u00eentr-o organiza\u021bie cu caracter fascist \u0219i promovarea \u00een spa\u021biul public a unor ideologii \u0219i figuri istorice controversate precum mare\u0219alul Antonescu.<\/p>\n<h2>Gigi Becali anun\u021base c\u0103 C\u0103lin Georgescu va avea probleme \u00een \u201d10 zile\u201d<\/h2>\n<p>\u00cen urm\u0103 cu o zi, Gigi Becali anun\u021ba c\u0103 \u00een \u201dcel mult 10 zile\u201d C\u0103lin Georgescu va avea probleme.\u00a0<em><strong>\u201dEu ce \u0219tiu din surse c\u0103 \u00een maxim o s\u0103pt\u0103m\u00e2n\u0103, 10 zile, vor ap\u0103rea probe, film\u0103ri, \u00eenregistr\u0103ri cu el \u0219i declara\u021bii ale unor oameni care au declarat c\u0103 au cheltuit bani la \u00een\u021belegere cu el \u0219i probe c\u0103 instig\u0103 la violen\u021b\u0103, legionarism \u0219i antisemitism. Acum s\u0103 vedem dac\u0103 este \u0219i adev\u0103rat.<\/strong><\/em><\/p>\n<p><em><strong>Eu abia a\u0219tept s\u0103 sc\u0103p\u0103m de omul \u0103sta, pentru c\u0103 noi am avut \u00eentr-adev\u0103r pre\u0219edin\u021bi necredincio\u0219i sau am avut pre\u0219edin\u021bi de alte religii, cum a fost Iohannis, dar noi n-am avut pre\u0219edinte demonizat, asta e mult mai grav. \u00cenc\u0103 mai am \u00eencredere \u00een procurori \u0219i \u00een institu\u021biile statului c\u0103 nu vor l\u0103sa un om ca \u0103sta s\u0103 devin\u0103 pre\u0219edinte\u201d<\/strong><\/em>, a declarat Becali.<\/p>\n","protected":false},"excerpt":{"rendered":"<p>Potrivit surselor Antena 3,\u00a0candidatul independent\u00a0a fost oprit \u00een trafic de poli\u021bi\u0219ti \u0219i dus la audieri. Re\u021binerea sa ar avea leg\u0103tur\u0103 cu dosarul \u00een care ast\u0103zi au avut loc\u00a0zeci de descinderi la mai multe adrese. Update. Georgescu, audiat ca suspect \u00eentr-un alt dosar, separat de cel al lui Hora\u021biu Potra Conform surselor din anchet\u0103, a\u0219a cum [&hellip;]<\/p>\n","protected":false},"author":1,"featured_media":2718,"comment_status":"closed","ping_status":"closed","sticky":false,"template":"","format":"standard","meta":{"footnotes":""},"categories":[1],"tags":[],"class_list":["post-5120","post","type-post","status-publish","format-standard","has-post-thumbnail","hentry","category-random-stuff"],"_links":{"self":[{"href":"http:\/\/buzzfeednews.uk\/index.php?rest_route=\/wp\/v2\/posts\/5120","targetHints":{"allow":["GET"]}}],"collection":[{"href":"http:\/\/buzzfeednews.uk\/index.php?rest_route=\/wp\/v2\/posts"}],"about":[{"href":"http:\/\/buzzfeednews.uk\/index.php?rest_route=\/wp\/v2\/types\/post"}],"author":[{"embeddable":true,"href":"http:\/\/buzzfeednews.uk\/index.php?rest_route=\/wp\/v2\/users\/1"}],"replies":[{"embeddable":true,"href":"http:\/\/buzzfeednews.uk\/index.php?rest_route=%2Fwp%2Fv2%2Fcomments&post=5120"}],"version-history":[{"count":1,"href":"http:\/\/buzzfeednews.uk\/index.php?rest_route=\/wp\/v2\/posts\/5120\/revisions"}],"predecessor-version":[{"id":5121,"href":"http:\/\/buzzfeednews.uk\/index.php?rest_route=\/wp\/v2\/posts\/5120\/revisions\/5121"}],"wp:featuredmedia":[{"embeddable":true,"href":"http:\/\/buzzfeednews.uk\/index.php?rest_route=\/wp\/v2\/media\/2718"}],"wp:attachment":[{"href":"http:\/\/buzzfeednews.uk\/index.php?rest_route=%2Fwp%2Fv2%2Fmedia&parent=5120"}],"wp:term":[{"taxonomy":"category","embeddable":true,"href":"http:\/\/buzzfeednews.uk\/index.php?rest_route=%2Fwp%2Fv2%2Fcategories&post=5120"},{"taxonomy":"post_tag","embeddable":true,"href":"http:\/\/buzzfeednews.uk\/index.php?rest_route=%2Fwp%2Fv2%2Ftags&post=5120"}],"curies":[{"name":"wp","href":"https:\/\/api.w.org\/{rel}","templated":true}]}}